{"id":59143,"date":"2025-07-21T14:17:33","date_gmt":"2025-07-21T14:17:33","guid":{"rendered":"https:\/\/kede.com.br\/news\/arts-council-logo-to-be-removed-from-west-belfast-festival-sports-events\/"},"modified":"2025-07-21T14:17:35","modified_gmt":"2025-07-21T14:17:35","slug":"arts-council-logo-to-be-removed-from-west-belfast-festival-sports-events","status":"publish","type":"post","link":"https:\/\/kede.com.br\/news\/arts-council-logo-to-be-removed-from-west-belfast-festival-sports-events\/","title":{"rendered":"Arts Council logo to be removed from west Belfast festival sports events"},"content":{"rendered":"<p> <br \/>\n<\/p>\n<div id=\"\">\n<figure>\n<div data-component=\"image-block\" class=\"sc-3b6b161a-0 gyQxwn\">\n<div data-testid=\"hero-image\" class=\"sc-d1200759-1 kycbVO\"><img sizes=\"(min-width: 1280px) 50vw, (min-width: 1008px) 66vw, 96vw\" srcset=\"https:\/\/ichef.bbci.co.uk\/news\/240\/cpsprodpb\/da90\/live\/adada1b0-6636-11f0-a892-5dfba37f7a84.jpg.webp 240w,https:\/\/ichef.bbci.co.uk\/news\/320\/cpsprodpb\/da90\/live\/adada1b0-6636-11f0-a892-5dfba37f7a84.jpg.webp 320w,https:\/\/ichef.bbci.co.uk\/news\/480\/cpsprodpb\/da90\/live\/adada1b0-6636-11f0-a892-5dfba37f7a84.jpg.webp 480w,https:\/\/ichef.bbci.co.uk\/news\/640\/cpsprodpb\/da90\/live\/adada1b0-6636-11f0-a892-5dfba37f7a84.jpg.webp 640w,https:\/\/ichef.bbci.co.uk\/news\/800\/cpsprodpb\/da90\/live\/adada1b0-6636-11f0-a892-5dfba37f7a84.jpg.webp 800w,https:\/\/ichef.bbci.co.uk\/news\/1024\/cpsprodpb\/da90\/live\/adada1b0-6636-11f0-a892-5dfba37f7a84.jpg.webp 1024w,https:\/\/ichef.bbci.co.uk\/news\/1536\/cpsprodpb\/da90\/live\/adada1b0-6636-11f0-a892-5dfba37f7a84.jpg.webp 1536w\" src=\"https:\/\/ichef.bbci.co.uk\/news\/480\/cpsprodpb\/da90\/live\/adada1b0-6636-11f0-a892-5dfba37f7a84.jpg.webp\" loading=\"eager\" alt=\"F&#xE9;ile an Phobail An overhead image of F&#xE9;ile an Phobail at night.\" class=\"sc-d1200759-0 dvfjxj\"\/><span class=\"sc-d1200759-2 gwFzuU\">F\u00e9ile an Phobail<\/span><\/div>\n<\/div>\n<p><figcaption class=\"sc-536eff7b-0 FPsqq\">The Arts Council of Northern Ireland is the principal funder of F\u00e9ile an Phobail<\/figcaption><\/p>\n<\/figure>\n<div data-component=\"text-block\" class=\"sc-3b6b161a-0 dEGcKf\">\n<p class=\"sc-9a00e533-0 hxuGS\">The Arts Council of Northern Ireland has asked F\u00e9ile an Phobail to remove its logo from the festival&#8217;s sports events.<\/p>\n<p class=\"sc-9a00e533-0 hxuGS\">It is one of the principal funders of the west Belfast festival.<\/p>\n<p class=\"sc-9a00e533-0 hxuGS\">The move comes as the Democratic Unionist Party (DUP) questioned the use of Belfast City Council funding for the festival because of a sports event named after a former IRA chief of staff.<\/p>\n<p class=\"sc-9a00e533-0 hxuGS\">Joe Cahill, who died in 2004, was a key figure in founding the Provisional IRA and was Belfast commander before becoming chief of staff.<\/p>\n<p class=\"sc-9a00e533-0 hxuGS\">DUP MLA David Brooks said it was &#8220;not appropriate to have an event named after an IRA terrorist&#8221;.<\/p>\n<\/div>\n<figure>\n<div data-component=\"image-block\" class=\"sc-3b6b161a-0 hoQmHM\">\n<div data-testid=\"image\" class=\"sc-d1200759-1 kycbVO\"><img src=\"https:\/\/static.files.bbci.co.uk\/bbcdotcom\/web\/20250711-084946-a521911844-web-2.25.0-9\/grey-placeholder.png\" class=\"sc-d1200759-0 dkIvM hide-when-no-script\" aria-label=\"image unavailable\"\/><img sizes=\"(min-width: 1280px) 50vw, (min-width: 1008px) 66vw, 96vw\" srcset=\"https:\/\/ichef.bbci.co.uk\/news\/240\/cpsprodpb\/cab8\/live\/f2f30cc0-6635-11f0-a892-5dfba37f7a84.jpg.webp 240w,https:\/\/ichef.bbci.co.uk\/news\/320\/cpsprodpb\/cab8\/live\/f2f30cc0-6635-11f0-a892-5dfba37f7a84.jpg.webp 320w,https:\/\/ichef.bbci.co.uk\/news\/480\/cpsprodpb\/cab8\/live\/f2f30cc0-6635-11f0-a892-5dfba37f7a84.jpg.webp 480w,https:\/\/ichef.bbci.co.uk\/news\/640\/cpsprodpb\/cab8\/live\/f2f30cc0-6635-11f0-a892-5dfba37f7a84.jpg.webp 640w,https:\/\/ichef.bbci.co.uk\/news\/800\/cpsprodpb\/cab8\/live\/f2f30cc0-6635-11f0-a892-5dfba37f7a84.jpg.webp 800w,https:\/\/ichef.bbci.co.uk\/news\/1024\/cpsprodpb\/cab8\/live\/f2f30cc0-6635-11f0-a892-5dfba37f7a84.jpg.webp 1024w,https:\/\/ichef.bbci.co.uk\/news\/1536\/cpsprodpb\/cab8\/live\/f2f30cc0-6635-11f0-a892-5dfba37f7a84.jpg.webp 1536w\" src=\"https:\/\/ichef.bbci.co.uk\/news\/480\/cpsprodpb\/cab8\/live\/f2f30cc0-6635-11f0-a892-5dfba37f7a84.jpg.webp\" loading=\"lazy\" alt=\"Pacemaker A black and white image of Joe Cahill. He is bald and wearing glasses speaking in front of a microphone.\" class=\"sc-d1200759-0 dvfjxj\"\/><span class=\"sc-d1200759-2 gwFzuU\">Pacemaker<\/span><\/div>\n<\/div>\n<p><figcaption class=\"sc-536eff7b-0 FPsqq\">Joe Cahill was a key figure in founding the Provisional IRA and was Belfast commander before becoming chief of staff<\/figcaption><\/p>\n<\/figure>\n<div data-component=\"text-block\" class=\"sc-3b6b161a-0 dEGcKf\">\n<p class=\"sc-9a00e533-0 hxuGS\">In August, two County Antrim GAA (Gaelic Athletic Association) clubs will host the Joe Cahill Gaelic Competition, an event for children aged under 12.<\/p>\n<p class=\"sc-9a00e533-0 hxuGS\">In a statement to <a target=\"_self\" href=\"https:\/\/www.bbc.co.uk\/sounds\/play\/m002g2yt\" class=\"sc-f9178328-0 bGFWdi\" rel=\"noopener\">BBC Radio Ulster&#8217;s Talkback programme<\/a> the Arts Council said it does not provide funding for sports events and has alerted the festival to the &#8220;incorrect use&#8221; of the logo.<\/p>\n<p class=\"sc-9a00e533-0 hxuGS\">The Arts Council said the festival said the logo was &#8220;used in error and will be removed&#8221;.<\/p>\n<p class=\"sc-9a00e533-0 hxuGS\">F\u00e9ile an Phobail is an annual event that runs across two weeks in west Belfast.<\/p>\n<p class=\"sc-9a00e533-0 hxuGS\">Its principal funders are Belfast City Council, The Arts Council of Northern Ireland and Tourism Northern Ireland.<\/p>\n<\/div>\n<div data-component=\"text-block\" class=\"sc-3b6b161a-0 dEGcKf\">\n<p class=\"sc-9a00e533-0 hxuGS\">Brooks told Talkback that there should be &#8220;proper scrutiny in how council funding is used in relation to F\u00e9ile&#8221;.<\/p>\n<p class=\"sc-9a00e533-0 hxuGS\">&#8220;When council see these events taking place and this kind of glorification of terrorism taking place they should naturally be asking the question whether they want to be associated with it and whether it&#8217;s an appropriate use of public funds,&#8221; he added.<\/p>\n<p class=\"sc-9a00e533-0 hxuGS\">Belfast City Council said that F\u00e9ile an Phobail had received multi-year funding which equated to \u00a3244,000 a year for four years.<\/p>\n<p class=\"sc-9a00e533-0 hxuGS\"> &#8220;The event organiser would be responsible for funding distribution towards the festival programme,&#8221; the statement added.<\/p>\n<p class=\"sc-9a00e533-0 hxuGS\">Last week <a target=\"_self\" href=\"https:\/\/www.bbc.co.uk\/news\/articles\/ce37eyn75nzo\" class=\"sc-f9178328-0 bGFWdi\" rel=\"noopener\">a cross community sports camp in Comber, County Down, was cancelled as residents and an Orange Lodge raised concerns over the &#8220;perceived move of the GAA into the local community&#8221;<\/a> and their unease at how it &#8220;celebrated or commemorated individuals associated with paramilitary activity&#8221;.<\/p>\n<\/div>\n<\/div>\n<p><br \/>\n<br \/><a href=\"https:\/\/www.bbc.com\/news\/articles\/cvgnjvmne4po\">Source link <\/a><\/p>\n","protected":false},"excerpt":{"rendered":"<p>F\u00e9ile an Phobail The Arts Council of Northern Ireland is the principal funder of F\u00e9ile an Phobail The Arts Council of Northern Ireland has asked F\u00e9ile an Phobail to remove its logo from the festival&#8217;s sports events. It is one of the principal funders of the west Belfast festival. The move comes as the Democratic [&hellip;]<\/p>\n","protected":false},"author":1,"featured_media":59144,"comment_status":"open","ping_status":"open","sticky":false,"template":"","format":"standard","meta":[],"categories":[48],"tags":[790,420,1910,3085,622,12652,2171,1079,1633],"_links":{"self":[{"href":"https:\/\/kede.com.br\/news\/wp-json\/wp\/v2\/posts\/59143"}],"collection":[{"href":"https:\/\/kede.com.br\/news\/wp-json\/wp\/v2\/posts"}],"about":[{"href":"https:\/\/kede.com.br\/news\/wp-json\/wp\/v2\/types\/post"}],"author":[{"embeddable":true,"href":"https:\/\/kede.com.br\/news\/wp-json\/wp\/v2\/users\/1"}],"replies":[{"embeddable":true,"href":"https:\/\/kede.com.br\/news\/wp-json\/wp\/v2\/comments?post=59143"}],"version-history":[{"count":1,"href":"https:\/\/kede.com.br\/news\/wp-json\/wp\/v2\/posts\/59143\/revisions"}],"predecessor-version":[{"id":59145,"href":"https:\/\/kede.com.br\/news\/wp-json\/wp\/v2\/posts\/59143\/revisions\/59145"}],"wp:featuredmedia":[{"embeddable":true,"href":"https:\/\/kede.com.br\/news\/wp-json\/wp\/v2\/media\/59144"}],"wp:attachment":[{"href":"https:\/\/kede.com.br\/news\/wp-json\/wp\/v2\/media?parent=59143"}],"wp:term":[{"taxonomy":"category","embeddable":true,"href":"https:\/\/kede.com.br\/news\/wp-json\/wp\/v2\/categories?post=59143"},{"taxonomy":"post_tag","embeddable":true,"href":"https:\/\/kede.com.br\/news\/wp-json\/wp\/v2\/tags?post=59143"}],"curies":[{"name":"wp","href":"https:\/\/api.w.org\/{rel}","templated":true}]}}