{"id":63274,"date":"2025-09-18T15:25:31","date_gmt":"2025-09-18T15:25:31","guid":{"rendered":"https:\/\/kede.com.br\/news\/daniel-aruebose-search-remains-to-be-removed\/"},"modified":"2025-09-18T15:25:33","modified_gmt":"2025-09-18T15:25:33","slug":"daniel-aruebose-search-remains-to-be-removed","status":"publish","type":"post","link":"https:\/\/kede.com.br\/news\/daniel-aruebose-search-remains-to-be-removed\/","title":{"rendered":"Daniel Aruebose search remains to be removed"},"content":{"rendered":"<p> <br \/>\n<\/p>\n<div id=\"\">\n<figure>\n<div data-component=\"image-block\" class=\"sc-3b6b161a-0 kSquvq\">\n<div data-testid=\"hero-image\" class=\"sc-86c96223-1 evkFpM\"><img sizes=\"(min-width: 1280px) 50vw, (min-width: 1008px) 66vw, 96vw\" srcset=\"https:\/\/ichef.bbci.co.uk\/news\/240\/cpsprodpb\/5c41\/live\/35ee5c90-949f-11f0-8e88-0f11af0637c1.png.webp 240w,https:\/\/ichef.bbci.co.uk\/news\/320\/cpsprodpb\/5c41\/live\/35ee5c90-949f-11f0-8e88-0f11af0637c1.png.webp 320w,https:\/\/ichef.bbci.co.uk\/news\/480\/cpsprodpb\/5c41\/live\/35ee5c90-949f-11f0-8e88-0f11af0637c1.png.webp 480w,https:\/\/ichef.bbci.co.uk\/news\/640\/cpsprodpb\/5c41\/live\/35ee5c90-949f-11f0-8e88-0f11af0637c1.png.webp 640w,https:\/\/ichef.bbci.co.uk\/news\/800\/cpsprodpb\/5c41\/live\/35ee5c90-949f-11f0-8e88-0f11af0637c1.png.webp 800w,https:\/\/ichef.bbci.co.uk\/news\/1024\/cpsprodpb\/5c41\/live\/35ee5c90-949f-11f0-8e88-0f11af0637c1.png.webp 1024w,https:\/\/ichef.bbci.co.uk\/news\/1536\/cpsprodpb\/5c41\/live\/35ee5c90-949f-11f0-8e88-0f11af0637c1.png.webp 1536w\" src=\"https:\/\/ichef.bbci.co.uk\/news\/480\/cpsprodpb\/5c41\/live\/35ee5c90-949f-11f0-8e88-0f11af0637c1.png.webp\" loading=\"eager\" alt=\"An Garda S&#xED;och&#xE1;na A photo of Daniel Aruebose. He is a young child, around two and a half years old, who is standing near a brown leather sofa. He is wearing a long-sleeved red top and is looking at the camera.\" class=\"sc-86c96223-0 fHZDyi\"\/><span class=\"sc-86c96223-2 hqrvRC\">An Garda S\u00edoch\u00e1na<\/span><\/div>\n<\/div>\n<p><figcaption class=\"sc-536eff7b-0 jFVvLh\">Daniel Aruebose, pictured here when he was about two years old<\/figcaption><\/p>\n<\/figure>\n<div data-component=\"text-block\" class=\"sc-3b6b161a-0 jdlrvG\">\n<p class=\"sc-9a00e533-0 bJoRPJ\">Human skeletal remains that garda\u00ed (Irish police) <a target=\"_self\" href=\"https:\/\/www.bbc.co.uk\/news\/articles\/cderzlennl8o\" class=\"sc-f9178328-0 jZoZnB\" rel=\"noopener\">believe are those of Daniel Aruebose<\/a> are expected to be removed from a County Dublin site.<\/p>\n<p class=\"sc-9a00e533-0 bJoRPJ\">The remains, which were found by police on the Portrane Road site in Donabate, will be sent for paediatric post-mortem examination later on Thursday, according to Irish broadcaster RT\u00c9.<\/p>\n<p class=\"sc-9a00e533-0 bJoRPJ\">Daniel is believed to have been missing for a number of years and would be seven years old.<\/p>\n<p class=\"sc-9a00e533-0 bJoRPJ\">It comes as calls for an independent statutory review into the case were raised in the D\u00e1il (lower house of parliament) on Thursday.<\/p>\n<\/div>\n<div data-component=\"text-block\" class=\"sc-3b6b161a-0 jdlrvG\">\n<p class=\"sc-9a00e533-0 bJoRPJ\">Concerns for Daniel&#8217;s whereabouts had been <a target=\"_self\" href=\"https:\/\/www.bbc.co.uk\/news\/articles\/c4gzl7wdq1lo\" class=\"sc-f9178328-0 jZoZnB\" rel=\"noopener\">raised last month by Tusla<\/a>, the Irish state agency responsible for child welfare and protection.<\/p>\n<p class=\"sc-9a00e533-0 bJoRPJ\">An area of open ground in the village, which lies to the north of Dublin, had been the subject of a search for a number of weeks.<\/p>\n<p class=\"sc-9a00e533-0 bJoRPJ\">Daniel lived in The Gallery Apartments in Donabate, where an examination was first carried out on Sunday 31 August.<\/p>\n<p class=\"sc-9a00e533-0 bJoRPJ\">On Wednesday, garda\u00ed said a &#8220;careful and sensitive exhumation&#8221; will take place and DNA analysis will be carried out to formally identify the remains.<\/p>\n<\/div>\n<p><h2 class=\"sc-f98b1ad2-0 fsBZby\">Government to keep &#8216;open mind&#8217;<\/h2>\n<\/p>\n<figure>\n<div data-component=\"image-block\" class=\"sc-3b6b161a-0 jHorPx\">\n<div data-testid=\"image\" class=\"sc-86c96223-1 evkFpM\"><img src=\"https:\/\/static.files.bbci.co.uk\/bbcdotcom\/web\/20250905-110137-f27f908f49-web-2.29.1-3\/grey-placeholder.png\" class=\"sc-86c96223-0 iMuqLZ hide-when-no-script\" aria-label=\"image unavailable\"\/><img sizes=\"(min-width: 1280px) 50vw, (min-width: 1008px) 66vw, 96vw\" srcset=\"https:\/\/ichef.bbci.co.uk\/news\/240\/cpsprodpb\/7509\/live\/83427680-949e-11f0-8e88-0f11af0637c1.jpg.webp 240w,https:\/\/ichef.bbci.co.uk\/news\/320\/cpsprodpb\/7509\/live\/83427680-949e-11f0-8e88-0f11af0637c1.jpg.webp 320w,https:\/\/ichef.bbci.co.uk\/news\/480\/cpsprodpb\/7509\/live\/83427680-949e-11f0-8e88-0f11af0637c1.jpg.webp 480w,https:\/\/ichef.bbci.co.uk\/news\/640\/cpsprodpb\/7509\/live\/83427680-949e-11f0-8e88-0f11af0637c1.jpg.webp 640w,https:\/\/ichef.bbci.co.uk\/news\/800\/cpsprodpb\/7509\/live\/83427680-949e-11f0-8e88-0f11af0637c1.jpg.webp 800w,https:\/\/ichef.bbci.co.uk\/news\/1024\/cpsprodpb\/7509\/live\/83427680-949e-11f0-8e88-0f11af0637c1.jpg.webp 1024w,https:\/\/ichef.bbci.co.uk\/news\/1536\/cpsprodpb\/7509\/live\/83427680-949e-11f0-8e88-0f11af0637c1.jpg.webp 1536w\" src=\"https:\/\/ichef.bbci.co.uk\/news\/480\/cpsprodpb\/7509\/live\/83427680-949e-11f0-8e88-0f11af0637c1.jpg.webp\" loading=\"lazy\" alt=\"PA Media Simon Harris has short grey hair and is wearing a black suit jacket, white shirt and black tie in the picture.\" class=\"sc-86c96223-0 fHZDyi\"\/><span class=\"sc-86c96223-2 hqrvRC\">PA Media<\/span><\/div>\n<\/div>\n<p><figcaption class=\"sc-536eff7b-0 jFVvLh\">Simon Harris said it is a &#8216;horrific situation&#8217;<\/figcaption><\/p>\n<\/figure>\n<div data-component=\"text-block\" class=\"sc-3b6b161a-0 jdlrvG\">\n<p class=\"sc-9a00e533-0 bJoRPJ\">The case was raised during leaders questions in the D\u00e1il by Social Democrats deputy leader Cian O&#8217;Callaghan.<\/p>\n<p class=\"sc-9a00e533-0 bJoRPJ\">He said an independent statutory review should be launched in the case of every missing child known to Tusla.<\/p>\n<p class=\"sc-9a00e533-0 bJoRPJ\">T\u00e1naiste (deputy Irish prime minister) Simon Harris said: &#8220;My honest to God answer is I don&#8217;t think we can rule anything out at this stage.<\/p>\n<p class=\"sc-9a00e533-0 bJoRPJ\">&#8220;I do think the responsible thing for us to do here is to try and establish the facts.&#8221;<\/p>\n<p class=\"sc-9a00e533-0 bJoRPJ\">Harris said it is a &#8220;horrific and tragic situation&#8221; and that the government will keep an &#8220;open mind&#8221;.<\/p>\n<\/div>\n<figure>\n<div data-component=\"image-block\" class=\"sc-3b6b161a-0 jHorPx\">\n<div data-testid=\"image\" class=\"sc-86c96223-1 evkFpM\"><img src=\"https:\/\/static.files.bbci.co.uk\/bbcdotcom\/web\/20250905-110137-f27f908f49-web-2.29.1-3\/grey-placeholder.png\" class=\"sc-86c96223-0 iMuqLZ hide-when-no-script\" aria-label=\"image unavailable\"\/><img sizes=\"(min-width: 1280px) 50vw, (min-width: 1008px) 66vw, 96vw\" srcset=\"https:\/\/ichef.bbci.co.uk\/news\/240\/cpsprodpb\/70ed\/live\/b4f516b0-949e-11f0-8e88-0f11af0637c1.jpg.webp 240w,https:\/\/ichef.bbci.co.uk\/news\/320\/cpsprodpb\/70ed\/live\/b4f516b0-949e-11f0-8e88-0f11af0637c1.jpg.webp 320w,https:\/\/ichef.bbci.co.uk\/news\/480\/cpsprodpb\/70ed\/live\/b4f516b0-949e-11f0-8e88-0f11af0637c1.jpg.webp 480w,https:\/\/ichef.bbci.co.uk\/news\/640\/cpsprodpb\/70ed\/live\/b4f516b0-949e-11f0-8e88-0f11af0637c1.jpg.webp 640w,https:\/\/ichef.bbci.co.uk\/news\/800\/cpsprodpb\/70ed\/live\/b4f516b0-949e-11f0-8e88-0f11af0637c1.jpg.webp 800w,https:\/\/ichef.bbci.co.uk\/news\/1024\/cpsprodpb\/70ed\/live\/b4f516b0-949e-11f0-8e88-0f11af0637c1.jpg.webp 1024w,https:\/\/ichef.bbci.co.uk\/news\/1536\/cpsprodpb\/70ed\/live\/b4f516b0-949e-11f0-8e88-0f11af0637c1.jpg.webp 1536w\" src=\"https:\/\/ichef.bbci.co.uk\/news\/480\/cpsprodpb\/70ed\/live\/b4f516b0-949e-11f0-8e88-0f11af0637c1.jpg.webp\" loading=\"lazy\" alt=\"PA Media Michael Martin has short grey hair and is frowning in the image as he wears a blue suit jacket and white shirt.\" class=\"sc-86c96223-0 fHZDyi\"\/><span class=\"sc-86c96223-2 hqrvRC\">PA Media<\/span><\/div>\n<\/div>\n<p><figcaption class=\"sc-536eff7b-0 jFVvLh\">Taoiseach Miche\u00e1l Martin described the case as &#8216;deeply shocking&#8217;<\/figcaption><\/p>\n<\/figure>\n<div data-component=\"text-block\" class=\"sc-3b6b161a-0 jdlrvG\">\n<p class=\"sc-9a00e533-0 bJoRPJ\">Speaking at the National Ploughing Championships, Taoiseach (Irish prime minister) Miche\u00e1l Martin said that the discovery of the remains of Daniel Aruebose was &#8220;deeply, deeply shocking and sad&#8221;.<\/p>\n<p class=\"sc-9a00e533-0 bJoRPJ\">&#8220;To the best of my knowledge the child was not in care at the time [when he] went missing,&#8221; he said.<\/p>\n<p class=\"sc-9a00e533-0 bJoRPJ\">&#8220;There are issues that we will examine, but we have to do it in an evidence-based and informed manner.&#8221;<\/p>\n<p class=\"sc-9a00e533-0 bJoRPJ\">Martin warned about a &#8220;rush to judgement&#8221; by people in relation to Daniel&#8217;s case.<\/p>\n<p class=\"sc-9a00e533-0 bJoRPJ\">He added that there are lots of &#8220;very genuine&#8221; people working in Tusla who are &#8220;flat out&#8221;.<\/p>\n<\/div>\n<p><h2 class=\"sc-f98b1ad2-0 fsBZby\">Case to be reviewed<\/h2>\n<\/p>\n<div data-component=\"text-block\" class=\"sc-3b6b161a-0 jdlrvG\">\n<p class=\"sc-9a00e533-0 bJoRPJ\"><a target=\"_self\" href=\"https:\/\/www.bbc.co.uk\/news\/articles\/cderzlennl8o\" class=\"sc-f9178328-0 jZoZnB\" rel=\"noopener\">Speaking on Wednesday<\/a>, Ireland&#8217;s Minister for Children Norma Foley said Daniel Aruebose&#8217;s disappearance would be the subject of a &#8220;rapid&#8221; review by Tulsa which is examining its contacts with the boy&#8217;s family.<\/p>\n<p class=\"sc-9a00e533-0 bJoRPJ\">She said the case will also be examined by Ireland&#8217;s National Review Panel, which investigates serious incidents including the deaths of children who are in care or known to the child protection system.<\/p>\n<p class=\"sc-9a00e533-0 bJoRPJ\">Tulsa said it last had dealings with Daniel&#8217;s family five years ago, but did not confirm why its services ceased or why no further checks or contacts appear to have been made after the child was two years old.<\/p>\n<p class=\"sc-9a00e533-0 bJoRPJ\">It also confirmed that, since 2020, no new referral or information of concern was received about the child until 29 August this year.<\/p>\n<p class=\"sc-9a00e533-0 bJoRPJ\">On that date, Tulsa referred the matter to garda\u00ed following a report from the Department of Social Protection.<\/p>\n<p class=\"sc-9a00e533-0 bJoRPJ\">The agency said the closure of the case was &#8220;appropriate&#8221;.<\/p>\n<p class=\"sc-9a00e533-0 bJoRPJ\">Following the news of Daniel&#8217;s disappearance, Foley said Tusla would undertake wellbeing checks on cases closed during the Covid-19 pandemic.<\/p>\n<\/div>\n<\/div>\n<p><br \/>\n<br \/><a href=\"https:\/\/www.bbc.com\/news\/articles\/c9wd1zgvzwxo?at_medium=RSS&#038;at_campaign=rss\">Source link <\/a><\/p>\n","protected":false},"excerpt":{"rendered":"<p>An Garda S\u00edoch\u00e1na Daniel Aruebose, pictured here when he was about two years old Human skeletal remains that garda\u00ed (Irish police) believe are those of Daniel Aruebose are expected to be removed from a County Dublin site. The remains, which were found by police on the Portrane Road site in Donabate, will be sent for [&hellip;]<\/p>\n","protected":false},"author":1,"featured_media":63275,"comment_status":"open","ping_status":"open","sticky":false,"template":"","format":"standard","meta":[],"categories":[48],"tags":[18495,2308,5541,2171,376],"_links":{"self":[{"href":"https:\/\/kede.com.br\/news\/wp-json\/wp\/v2\/posts\/63274"}],"collection":[{"href":"https:\/\/kede.com.br\/news\/wp-json\/wp\/v2\/posts"}],"about":[{"href":"https:\/\/kede.com.br\/news\/wp-json\/wp\/v2\/types\/post"}],"author":[{"embeddable":true,"href":"https:\/\/kede.com.br\/news\/wp-json\/wp\/v2\/users\/1"}],"replies":[{"embeddable":true,"href":"https:\/\/kede.com.br\/news\/wp-json\/wp\/v2\/comments?post=63274"}],"version-history":[{"count":1,"href":"https:\/\/kede.com.br\/news\/wp-json\/wp\/v2\/posts\/63274\/revisions"}],"predecessor-version":[{"id":63276,"href":"https:\/\/kede.com.br\/news\/wp-json\/wp\/v2\/posts\/63274\/revisions\/63276"}],"wp:featuredmedia":[{"embeddable":true,"href":"https:\/\/kede.com.br\/news\/wp-json\/wp\/v2\/media\/63275"}],"wp:attachment":[{"href":"https:\/\/kede.com.br\/news\/wp-json\/wp\/v2\/media?parent=63274"}],"wp:term":[{"taxonomy":"category","embeddable":true,"href":"https:\/\/kede.com.br\/news\/wp-json\/wp\/v2\/categories?post=63274"},{"taxonomy":"post_tag","embeddable":true,"href":"https:\/\/kede.com.br\/news\/wp-json\/wp\/v2\/tags?post=63274"}],"curies":[{"name":"wp","href":"https:\/\/api.w.org\/{rel}","templated":true}]}}