{"id":74161,"date":"2026-04-19T03:50:59","date_gmt":"2026-04-19T03:50:59","guid":{"rendered":"https:\/\/kede.com.br\/news\/orbans-era-was-over-in-a-flash-and-hungarys-next-pm-is-a-man-in-a-hurry\/"},"modified":"2026-04-19T03:51:01","modified_gmt":"2026-04-19T03:51:01","slug":"orbans-era-was-over-in-a-flash-and-hungarys-next-pm-is-a-man-in-a-hurry","status":"publish","type":"post","link":"https:\/\/kede.com.br\/news\/orbans-era-was-over-in-a-flash-and-hungarys-next-pm-is-a-man-in-a-hurry\/","title":{"rendered":"Orb\u00e1n&#8217;s era was over in a flash and Hungary&#8217;s next PM is a man in a hurry"},"content":{"rendered":"<p> <br \/>\n<\/p>\n<div>\n<p class=\"sc-1a18e57c-0 HooNV\">In response, two younger politicians, Foreign Minister P\u00e9ter Szijj\u00e1rt\u00f3, 47, and Transport Minister J\u00e1nos L\u00e1z\u00e1r, 51, often appeared at Orb\u00e1n&#8217;s rallies. But rather than reinvigorating the party, their dynamism just made its leader seem old and tired. <\/p>\n<\/div>\n<p><br \/>\n<br \/><a href=\"https:\/\/www.bbc.com\/news\/articles\/c4g40npz37lo?at_medium=RSS&#038;at_campaign=rss\">Source link <\/a><\/p>\n","protected":false},"excerpt":{"rendered":"<p>In response, two younger politicians, Foreign Minister P\u00e9ter Szijj\u00e1rt\u00f3, 47, and Transport Minister J\u00e1nos L\u00e1z\u00e1r, 51, often appeared at Orb\u00e1n&#8217;s rallies. But rather than reinvigorating the party, their dynamism just made its leader seem old and tired. Source link<\/p>\n","protected":false},"author":1,"featured_media":74162,"comment_status":"open","ping_status":"open","sticky":false,"template":"","format":"standard","meta":[],"categories":[42],"tags":[],"_links":{"self":[{"href":"https:\/\/kede.com.br\/news\/wp-json\/wp\/v2\/posts\/74161"}],"collection":[{"href":"https:\/\/kede.com.br\/news\/wp-json\/wp\/v2\/posts"}],"about":[{"href":"https:\/\/kede.com.br\/news\/wp-json\/wp\/v2\/types\/post"}],"author":[{"embeddable":true,"href":"https:\/\/kede.com.br\/news\/wp-json\/wp\/v2\/users\/1"}],"replies":[{"embeddable":true,"href":"https:\/\/kede.com.br\/news\/wp-json\/wp\/v2\/comments?post=74161"}],"version-history":[{"count":1,"href":"https:\/\/kede.com.br\/news\/wp-json\/wp\/v2\/posts\/74161\/revisions"}],"predecessor-version":[{"id":74163,"href":"https:\/\/kede.com.br\/news\/wp-json\/wp\/v2\/posts\/74161\/revisions\/74163"}],"wp:featuredmedia":[{"embeddable":true,"href":"https:\/\/kede.com.br\/news\/wp-json\/wp\/v2\/media\/74162"}],"wp:attachment":[{"href":"https:\/\/kede.com.br\/news\/wp-json\/wp\/v2\/media?parent=74161"}],"wp:term":[{"taxonomy":"category","embeddable":true,"href":"https:\/\/kede.com.br\/news\/wp-json\/wp\/v2\/categories?post=74161"},{"taxonomy":"post_tag","embeddable":true,"href":"https:\/\/kede.com.br\/news\/wp-json\/wp\/v2\/tags?post=74161"}],"curies":[{"name":"wp","href":"https:\/\/api.w.org\/{rel}","templated":true}]}}