{"id":82849,"date":"2026-09-03T04:23:12","date_gmt":"2026-09-03T04:23:12","guid":{"rendered":"https:\/\/kede.com.br\/news\/protests-in-spain-against-governments-handling-of-ceuta-migrant-crisis\/"},"modified":"2026-09-03T04:23:14","modified_gmt":"2026-09-03T04:23:14","slug":"protests-in-spain-against-governments-handling-of-ceuta-migrant-crisis","status":"publish","type":"post","link":"https:\/\/kede.com.br\/news\/protests-in-spain-against-governments-handling-of-ceuta-migrant-crisis\/","title":{"rendered":"Protests in Spain against government&#8217;s handling of Ceuta migrant crisis"},"content":{"rendered":"<p> <br \/>\n<\/p>\n<div>\n<p class=\"ssrcss-1q0x1qg-Paragraph e1jhz7w10\"><b class=\"ssrcss-1xjjfut-BoldText e5tfeyi3\">Thousands of people have protested in cities across Spain against the government&#8217;s handling of the influx of migrants to the Spanish exclave of Ceuta on the north African coast.<\/b><\/p>\n<p class=\"ssrcss-1q0x1qg-Paragraph e1jhz7w10\">Spanish opposition parties accuse Prime Minister Pedro S\u00e1nchez of abandoning the residents of Ceuta, while the government says right-wing parties are exploiting the crisis.<\/p>\n<p class=\"ssrcss-1q0x1qg-Paragraph e1jhz7w10\">On Wednesday a police report said Moroccan security forces showed &#8220;total permissiveness&#8221; during the unprecedented influx, days after S\u00e1nchez insisted Morocco was not responsible. <\/p>\n<p class=\"ssrcss-1q0x1qg-Paragraph e1jhz7w10\">He has blamed trafficking gangs and online misinformation for encouraging people to cross the border. Morocco has denied orchestrating or being involved in the mass crossing.<\/p>\n<p class=\"ssrcss-1q0x1qg-Paragraph e1jhz7w10\">At least 72,000 migrants crossed from Morocco into Ceuta on 30 and 31 July and although most have returned, as many as 5,000 remain in makeshift camps or scattered across the city&#8217;s streets or on the beach &#8211; leading to unrest in the autonomous city in North Africa and a crisis for S\u00e1nchez.<\/p>\n<p class=\"ssrcss-1q0x1qg-Paragraph e1jhz7w10\">There have been near-daily protests by locals, with demonstrators calling for the migrants to be sent back to their countries of origin or redistributed across Spain.<\/p>\n<p class=\"ssrcss-1q0x1qg-Paragraph e1jhz7w10\">Wednesday&#8217;s rallies were called by city councils across Spain where opposition parties &#8211; the conservative Partido Popular (PP) and the far-right Vox party &#8211; govern or have significant popularity. <\/p>\n<p class=\"ssrcss-1q0x1qg-Paragraph e1jhz7w10\">Demonstrators called on S\u00e1nchez to resign.<\/p>\n<p class=\"ssrcss-1q0x1qg-Paragraph e1jhz7w10\">PP leader Alberto N\u00fa\u00f1ez Feij\u00f3o was at the rally in Madrid, where more than 50,000 people gathered, according to government figures.<\/p>\n<p class=\"ssrcss-1q0x1qg-Paragraph e1jhz7w10\">&#8220;A Spanish city has been invaded, occupied and, unfortunately, this happened with the knowledge of the Government of Spain,&#8221; he said.<\/p>\n<p class=\"ssrcss-1q0x1qg-Paragraph e1jhz7w10\">Vox leader Santiago Abascal meanwhile said S\u00e1nchez was &#8220;at the service, like a lackey, of the Moroccan regime&#8221;.<\/p>\n<\/div>\n<p><br \/>\n<br \/><a href=\"https:\/\/www.bbc.co.uk\/news\/articles\/c1mvn2yp9n2o?at_medium=RSS&#038;at_campaign=rss\">Source link <\/a><\/p>\n","protected":false},"excerpt":{"rendered":"<p>Thousands of people have protested in cities across Spain against the government&#8217;s handling of the influx of migrants to the Spanish exclave of Ceuta on the north African coast. Spanish opposition parties accuse Prime Minister Pedro S\u00e1nchez of abandoning the residents of Ceuta, while the government says right-wing parties are exploiting the crisis. On Wednesday [&hellip;]<\/p>\n","protected":false},"author":1,"featured_media":82850,"comment_status":"open","ping_status":"open","sticky":false,"template":"","format":"standard","meta":[],"categories":[42],"tags":[],"_links":{"self":[{"href":"https:\/\/kede.com.br\/news\/wp-json\/wp\/v2\/posts\/82849"}],"collection":[{"href":"https:\/\/kede.com.br\/news\/wp-json\/wp\/v2\/posts"}],"about":[{"href":"https:\/\/kede.com.br\/news\/wp-json\/wp\/v2\/types\/post"}],"author":[{"embeddable":true,"href":"https:\/\/kede.com.br\/news\/wp-json\/wp\/v2\/users\/1"}],"replies":[{"embeddable":true,"href":"https:\/\/kede.com.br\/news\/wp-json\/wp\/v2\/comments?post=82849"}],"version-history":[{"count":1,"href":"https:\/\/kede.com.br\/news\/wp-json\/wp\/v2\/posts\/82849\/revisions"}],"predecessor-version":[{"id":82851,"href":"https:\/\/kede.com.br\/news\/wp-json\/wp\/v2\/posts\/82849\/revisions\/82851"}],"wp:featuredmedia":[{"embeddable":true,"href":"https:\/\/kede.com.br\/news\/wp-json\/wp\/v2\/media\/82850"}],"wp:attachment":[{"href":"https:\/\/kede.com.br\/news\/wp-json\/wp\/v2\/media?parent=82849"}],"wp:term":[{"taxonomy":"category","embeddable":true,"href":"https:\/\/kede.com.br\/news\/wp-json\/wp\/v2\/categories?post=82849"},{"taxonomy":"post_tag","embeddable":true,"href":"https:\/\/kede.com.br\/news\/wp-json\/wp\/v2\/tags?post=82849"}],"curies":[{"name":"wp","href":"https:\/\/api.w.org\/{rel}","templated":true}]}}